{"id":233,"date":"2023-07-06T00:08:44","date_gmt":"2023-07-06T03:08:44","guid":{"rendered":"https:\/\/catapulta.com.ar\/?p=233"},"modified":"2023-07-06T00:08:44","modified_gmt":"2023-07-06T03:08:44","slug":"los-degenerados-son-orgullosos","status":"publish","type":"post","link":"https:\/\/catapulta.com.ar\/?p=233","title":{"rendered":"LOS DEGENERADOS SON ORGULLOSOS"},"content":{"rendered":"<p><img loading=\"lazy\" decoding=\"async\" class=\"aligncenter size-full wp-image-234\" src=\"https:\/\/catapulta.com.ar\/wp-content\/uploads\/2023\/07\/1-3-e1687943921371.png\" alt=\"\" width=\"600\" height=\"365\" \/><\/p>\n<p><strong><u>La ministra de las Mujeres, G\u00e9neros y Diversidad de la Naci\u00f3n, Ayel\u00e9n Mazzina; y el jefe de Gabinete de Ministros, Agust\u00edn Rossi; lanzaron la segunda edici\u00f3n del ciclo \u201cNos mueve el orgullo\u201d, un evento cultural y pol\u00edtico para reivindicar la diversidad y los derechos de LGBTI+<\/u><\/strong> a trav\u00e9s de conversatorios y muestras e intervenciones culturales.y proyecciones, entre otras actividades. El acto tuvo lugar en la c\u00fapula del Centro Cultural Kirchner en el marco de las celebraciones por el Mes del Orgullo.<\/p>\n<p><span style=\"color: #008000;\">Nota catap\u00faltica<\/span><\/p>\n<p><span style=\"color: #008000;\">Se olvidan estos dos perversos de que Per\u00f3n era hom\u00f3fobo convicto y confeso. En uno de sus interesantes y documentados art\u00edculos, el buen amigo \u201cTata\u201d Yofre afirma que Per\u00f3n quer\u00eda\u00a0 liquidar al gobierno de C\u00e1mpora porque estaba preocupado porque estos aventureros marxistas est\u00e1n entrando en el gobierno\u2026 <strong><u>\u00e9ste es un gobierno de putos<\/u><\/strong> y de aventureros\u2019\u201d<\/span><\/p>\n<p><span style=\"color: #008000;\"><a style=\"color: #008000;\" href=\"https:\/\/www.infobae.com\/sociedad\/2021\/11\/07\/voy-a-terminar-con-este-gobierno-de-putos-y-marxistas-el-desprecio-de-peron-por-campora-y-su-sentencia-de-muerte-politica\/\"><strong>https:\/\/www.infobae.com\/sociedad\/2021\/11\/07\/voy-a-terminar-con-este-gobierno-de-putos-y-marxistas-el-desprecio-de-peron-por-campora-y-su-sentencia-de-muerte-politica\/<\/strong><\/a><\/span><\/p>\n<p><img loading=\"lazy\" decoding=\"async\" class=\"aligncenter size-full wp-image-235\" src=\"https:\/\/catapulta.com.ar\/wp-content\/uploads\/2023\/07\/AP23161654661723-e1686431429534.webp\" alt=\"\" width=\"600\" height=\"338\" \/><\/p>\n<p>WASHINGTON (AP) 10 de junio \u00a0\u2014 <strong><u>El presidente Joe Biden dio la bienvenida a cientos de personas a la Casa Blanca el s\u00e1bado para una celebraci\u00f3n postergada del Mes del Orgullo<\/u><\/strong> que tiene como objetivo mostrar a las personas LGBTQ+ que su administraci\u00f3n los respalda en un momento en que los defensores advierten sobre un aumento en la legislaci\u00f3n discriminatoria, particularmente dirigida a la comunidad transg\u00e9nero, arrasando en las c\u00e1maras estatales.<\/p>\n<p><strong><u>\u201cAs\u00ed que hoy quiero enviar un mensaje a toda la comunidad, especialmente a los ni\u00f1os transg\u00e9nero: son amados. eres escuchado Est\u00e1s entendido. Y t\u00fa perteneces\u201d, dijo Biden.<\/u><\/strong><\/p>\n<p><a href=\"https:\/\/thehill.com\/blogs\/in-the-know\/4044018-biden-hosts-pride-month-picnic-white-house\/\"><strong>https:\/\/thehill.com\/blogs\/in-the-know\/4044018-biden-hosts-pride-month-picnic-white-house\/<\/strong><\/a><\/p>\n","protected":false},"excerpt":{"rendered":"<p>La ministra de las Mujeres, G\u00e9neros y Diversidad de la Naci\u00f3n, Ayel\u00e9n Mazzina; y el jefe de Gabinete de Ministros, Agust\u00edn Rossi; lanzaron la segunda edici\u00f3n del ciclo \u201cNos mueve el orgullo\u201d, un evento cultural y pol\u00edtico para reivindicar la diversidad y los derechos de LGBTI+ a trav\u00e9s de conversatorios y muestras e intervenciones culturales.y &hellip; <a href=\"https:\/\/catapulta.com.ar\/?p=233\" class=\"more-link\">Continuar leyendo<span class=\"screen-reader-text\"> \u00abLOS DEGENERADOS SON ORGULLOSOS\u00bb<\/span><\/a><\/p>\n","protected":false},"author":1,"featured_media":0,"comment_status":"open","ping_status":"open","sticky":false,"template":"","format":"standard","meta":{"footnotes":""},"categories":[4],"tags":[],"class_list":["post-233","post","type-post","status-publish","format-standard","hentry","category-mundo"],"_links":{"self":[{"href":"https:\/\/catapulta.com.ar\/index.php?rest_route=\/wp\/v2\/posts\/233","targetHints":{"allow":["GET"]}}],"collection":[{"href":"https:\/\/catapulta.com.ar\/index.php?rest_route=\/wp\/v2\/posts"}],"about":[{"href":"https:\/\/catapulta.com.ar\/index.php?rest_route=\/wp\/v2\/types\/post"}],"author":[{"embeddable":true,"href":"https:\/\/catapulta.com.ar\/index.php?rest_route=\/wp\/v2\/users\/1"}],"replies":[{"embeddable":true,"href":"https:\/\/catapulta.com.ar\/index.php?rest_route=%2Fwp%2Fv2%2Fcomments&post=233"}],"version-history":[{"count":1,"href":"https:\/\/catapulta.com.ar\/index.php?rest_route=\/wp\/v2\/posts\/233\/revisions"}],"predecessor-version":[{"id":236,"href":"https:\/\/catapulta.com.ar\/index.php?rest_route=\/wp\/v2\/posts\/233\/revisions\/236"}],"wp:attachment":[{"href":"https:\/\/catapulta.com.ar\/index.php?rest_route=%2Fwp%2Fv2%2Fmedia&parent=233"}],"wp:term":[{"taxonomy":"category","embeddable":true,"href":"https:\/\/catapulta.com.ar\/index.php?rest_route=%2Fwp%2Fv2%2Fcategories&post=233"},{"taxonomy":"post_tag","embeddable":true,"href":"https:\/\/catapulta.com.ar\/index.php?rest_route=%2Fwp%2Fv2%2Ftags&post=233"}],"curies":[{"name":"wp","href":"https:\/\/api.w.org\/{rel}","templated":true}]}}