{"id":2811,"date":"2023-11-08T22:11:39","date_gmt":"2023-11-09T01:11:39","guid":{"rendered":"https:\/\/catapulta.com.ar\/?p=2811"},"modified":"2023-11-08T22:11:39","modified_gmt":"2023-11-09T01:11:39","slug":"la-onu-pide-abortos-para-tener-vida-plena","status":"publish","type":"post","link":"https:\/\/catapulta.com.ar\/?p=2811","title":{"rendered":"LA ONU PIDE ABORTOS PARA TENER \u201cVIDA PLENA\u201d"},"content":{"rendered":"<p><img loading=\"lazy\" decoding=\"async\" class=\"aligncenter size-large wp-image-2812\" src=\"https:\/\/catapulta.com.ar\/wp-content\/uploads\/2023\/11\/EMGO48JX0AUbW7B-600x308.jpg\" alt=\"\" width=\"600\" height=\"308\" srcset=\"https:\/\/catapulta.com.ar\/wp-content\/uploads\/2023\/11\/EMGO48JX0AUbW7B-600x308.jpg 600w, https:\/\/catapulta.com.ar\/wp-content\/uploads\/2023\/11\/EMGO48JX0AUbW7B.jpg 680w\" sizes=\"auto, (max-width: 709px) 85vw, (max-width: 909px) 67vw, (max-width: 984px) 61vw, (max-width: 1362px) 45vw, 600px\" \/><\/p>\n<p>(ZENIT Noticias \u2013 Center for family and Human Rights \/ Nueva York, 23.10.2023).- Para conmemorar el D\u00eda Internacional de la Ni\u00f1a, <strong><u>un \u00f3rgano de tratados de la ONU ha hecho p\u00fablica una declaraci\u00f3n en la que menciona 27 veces el aborto como el factor m\u00e1s importante para el bienestar y el desarrollo de las j\u00f3venes.<\/u><\/strong><\/p>\n<p><strong><u>El Comit\u00e9 para la Eliminaci\u00f3n de Todas las Formas de Discriminaci\u00f3n contra la Mujer (CEDAW) afirma que, a menos que las j\u00f3venes tengan acceso al aborto, no podr\u00e1n llevar una vida plena ni alcanzar todo su potencial<\/u><\/strong>.<\/p>\n<p>La CEDAW tambi\u00e9n afirma que<strong><u> \u00abel acceso\u2026 al aborto seguro y de calidad es un derecho humano en virtud del derecho internacional,<\/u><\/strong> y especialmente crucial para las ni\u00f1as\u00bb, pero ninguna resoluci\u00f3n o tratado de la ONU ha considerado nunca el aborto como un derecho humano. caso debe promoverse el aborto como m\u00e9todo de planificaci\u00f3n familiar\u00bb.<\/p>\n<p>Un informe de auditor\u00eda de la Iniciativa Spotlight, una asociaci\u00f3n entre la UE y la ONU para acabar con la violencia contra mujeres y ni\u00f1as, mostr\u00f3 que la inversi\u00f3n de 505,6 millones de euros por parte de la UE \u00abha tenido escaso impacto y a\u00fan no ha demostrado su rentabilidad\u00bb<strong><u>. La Iniciativa destin\u00f3 173,7 millones de d\u00f3lares a apoyar a organizaciones que abogan por el empoderamiento de la mujer en los pa\u00edses en desarrollo, muchas de las cuales se dedicaron a la defensa y la labor normativa en el frente de la salud sexual y reproductiva<\/u><\/strong>.<\/p>\n<p><strong><u>La declaraci\u00f3n de la CEDAW tambi\u00e9n omite cualquier debate sobre el papel de la familia en la crianza de las ni\u00f1as y no hace referencia al impacto de las figuras materna y paterna en la vida de los ni\u00f1os.<\/u><\/strong> La palabra \u00abfamilia\u00bb se menciona dos veces en el documento, la primera en referencia a la planificaci\u00f3n familiar y la segunda condenando la \u00abviolencia de g\u00e9nero\u00bb perpetrada por miembros de la familia.<\/p>\n<p><strong><u>En varios eventos recientes de la ONU sobre los derechos de la mujer, los panelistas describieron a la familia de forma negativa y se refirieron a ella como una unidad \u00abopresiva\u00bb y \u00abpatriarcal\u00bb<\/u><\/strong> en la que se espera que las ni\u00f1as realicen tareas dom\u00e9sticas no remuneradas en detrimento de su educaci\u00f3n y sus aspiraciones profesionales.<\/p>\n<p><a href=\"https:\/\/es.zenit.org\/2023\/10\/23\/informe-de-la-onu-dice-que-las-ninas-no-pueden-tener-exito-sin-el-aborto\/\"><strong>https:\/\/es.zenit.org\/2023\/10\/23\/informe-de-la-onu-dice-que-las-ninas-no-pueden-tener-exito-sin-el-aborto\/<\/strong><\/a><\/p>\n","protected":false},"excerpt":{"rendered":"<p>(ZENIT Noticias \u2013 Center for family and Human Rights \/ Nueva York, 23.10.2023).- Para conmemorar el D\u00eda Internacional de la Ni\u00f1a, un \u00f3rgano de tratados de la ONU ha hecho p\u00fablica una declaraci\u00f3n en la que menciona 27 veces el aborto como el factor m\u00e1s importante para el bienestar y el desarrollo de las j\u00f3venes. &hellip; <a href=\"https:\/\/catapulta.com.ar\/?p=2811\" class=\"more-link\">Continuar leyendo<span class=\"screen-reader-text\"> \u00abLA ONU PIDE ABORTOS PARA TENER \u201cVIDA PLENA\u201d\u00bb<\/span><\/a><\/p>\n","protected":false},"author":1,"featured_media":0,"comment_status":"open","ping_status":"open","sticky":false,"template":"","format":"standard","meta":{"footnotes":""},"categories":[4],"tags":[],"class_list":["post-2811","post","type-post","status-publish","format-standard","hentry","category-mundo"],"_links":{"self":[{"href":"https:\/\/catapulta.com.ar\/index.php?rest_route=\/wp\/v2\/posts\/2811","targetHints":{"allow":["GET"]}}],"collection":[{"href":"https:\/\/catapulta.com.ar\/index.php?rest_route=\/wp\/v2\/posts"}],"about":[{"href":"https:\/\/catapulta.com.ar\/index.php?rest_route=\/wp\/v2\/types\/post"}],"author":[{"embeddable":true,"href":"https:\/\/catapulta.com.ar\/index.php?rest_route=\/wp\/v2\/users\/1"}],"replies":[{"embeddable":true,"href":"https:\/\/catapulta.com.ar\/index.php?rest_route=%2Fwp%2Fv2%2Fcomments&post=2811"}],"version-history":[{"count":1,"href":"https:\/\/catapulta.com.ar\/index.php?rest_route=\/wp\/v2\/posts\/2811\/revisions"}],"predecessor-version":[{"id":2813,"href":"https:\/\/catapulta.com.ar\/index.php?rest_route=\/wp\/v2\/posts\/2811\/revisions\/2813"}],"wp:attachment":[{"href":"https:\/\/catapulta.com.ar\/index.php?rest_route=%2Fwp%2Fv2%2Fmedia&parent=2811"}],"wp:term":[{"taxonomy":"category","embeddable":true,"href":"https:\/\/catapulta.com.ar\/index.php?rest_route=%2Fwp%2Fv2%2Fcategories&post=2811"},{"taxonomy":"post_tag","embeddable":true,"href":"https:\/\/catapulta.com.ar\/index.php?rest_route=%2Fwp%2Fv2%2Ftags&post=2811"}],"curies":[{"name":"wp","href":"https:\/\/api.w.org\/{rel}","templated":true}]}}