{"id":2823,"date":"2023-11-08T22:19:18","date_gmt":"2023-11-09T01:19:18","guid":{"rendered":"https:\/\/catapulta.com.ar\/?p=2823"},"modified":"2023-11-08T22:19:18","modified_gmt":"2023-11-09T01:19:18","slug":"sacrilegio-3","status":"publish","type":"post","link":"https:\/\/catapulta.com.ar\/?p=2823","title":{"rendered":"SACRILEGIO"},"content":{"rendered":"<p><img loading=\"lazy\" decoding=\"async\" class=\"size-large wp-image-2824\" style=\"font-weight: bold; background-color: transparent; text-align: inherit;\" src=\"https:\/\/catapulta.com.ar\/wp-content\/uploads\/2023\/11\/Vitaliano-Della-Sala-002-600x400.jpg\" alt=\"\" width=\"600\" height=\"400\" srcset=\"https:\/\/catapulta.com.ar\/wp-content\/uploads\/2023\/11\/Vitaliano-Della-Sala-002-600x400.jpg 600w, https:\/\/catapulta.com.ar\/wp-content\/uploads\/2023\/11\/Vitaliano-Della-Sala-002.jpg 700w\" sizes=\"auto, (max-width: 709px) 85vw, (max-width: 909px) 67vw, (max-width: 984px) 61vw, (max-width: 1362px) 45vw, 600px\" \/><\/p>\n<p><span style=\"color: #1a1a1a; font-size: 16px;\">(ANSA) &#8211; AVELLINO 31 OCT &#8211; Una gran calabaza de color naranja brillante en la esquina del altar: Don Vitaliano Della Sala, el sacerdote irpiniano protagonista de un duro enfrentamiento con la jerarqu\u00eda eclesial en los a\u00f1os 1990 por sus posiciones de apoyo a El movimiento No Global, no renuncia a la \u00abbroma\u00bb, pocas horas antes de la noche de Halloween, hacia sus \u00abcolegas\u00bb que en estas mismas horas denuncian la costumbre de vestir a los ni\u00f1os como brujas y duendes, invit\u00e1ndolos en cambio a llevar la t\u00fanica de los Santos.<\/span>\u00a0\u00a0\u00a0 <strong><u>Don Vitaliano, que no es ajeno a las posiciones contracorrientes en la Iglesia cat\u00f3lica, aprueba en cambio la celebraci\u00f3n de brujas y duendes.<\/u><\/strong><\/p>\n<p><strong><u>\u00a0\u00a0\u00a0 \u00abSer\u00e1 un elemento decorativo, en lugar de flores pondr\u00e9 una calabaza con motivo de la misa de la tarde<\/u><\/strong>\u00ab, explica el sacerdote, p\u00e1rroco de la Annunziata en Mercogliano y director del comedor social local.<\/p>\n","protected":false},"excerpt":{"rendered":"<p>(ANSA) &#8211; AVELLINO 31 OCT &#8211; Una gran calabaza de color naranja brillante en la esquina del altar: Don Vitaliano Della Sala, el sacerdote irpiniano protagonista de un duro enfrentamiento con la jerarqu\u00eda eclesial en los a\u00f1os 1990 por sus posiciones de apoyo a El movimiento No Global, no renuncia a la \u00abbroma\u00bb, pocas horas &hellip; <a href=\"https:\/\/catapulta.com.ar\/?p=2823\" class=\"more-link\">Continuar leyendo<span class=\"screen-reader-text\"> \u00abSACRILEGIO\u00bb<\/span><\/a><\/p>\n","protected":false},"author":1,"featured_media":0,"comment_status":"open","ping_status":"open","sticky":false,"template":"","format":"standard","meta":{"footnotes":""},"categories":[4],"tags":[],"class_list":["post-2823","post","type-post","status-publish","format-standard","hentry","category-mundo"],"_links":{"self":[{"href":"https:\/\/catapulta.com.ar\/index.php?rest_route=\/wp\/v2\/posts\/2823","targetHints":{"allow":["GET"]}}],"collection":[{"href":"https:\/\/catapulta.com.ar\/index.php?rest_route=\/wp\/v2\/posts"}],"about":[{"href":"https:\/\/catapulta.com.ar\/index.php?rest_route=\/wp\/v2\/types\/post"}],"author":[{"embeddable":true,"href":"https:\/\/catapulta.com.ar\/index.php?rest_route=\/wp\/v2\/users\/1"}],"replies":[{"embeddable":true,"href":"https:\/\/catapulta.com.ar\/index.php?rest_route=%2Fwp%2Fv2%2Fcomments&post=2823"}],"version-history":[{"count":1,"href":"https:\/\/catapulta.com.ar\/index.php?rest_route=\/wp\/v2\/posts\/2823\/revisions"}],"predecessor-version":[{"id":2825,"href":"https:\/\/catapulta.com.ar\/index.php?rest_route=\/wp\/v2\/posts\/2823\/revisions\/2825"}],"wp:attachment":[{"href":"https:\/\/catapulta.com.ar\/index.php?rest_route=%2Fwp%2Fv2%2Fmedia&parent=2823"}],"wp:term":[{"taxonomy":"category","embeddable":true,"href":"https:\/\/catapulta.com.ar\/index.php?rest_route=%2Fwp%2Fv2%2Fcategories&post=2823"},{"taxonomy":"post_tag","embeddable":true,"href":"https:\/\/catapulta.com.ar\/index.php?rest_route=%2Fwp%2Fv2%2Ftags&post=2823"}],"curies":[{"name":"wp","href":"https:\/\/api.w.org\/{rel}","templated":true}]}}