{"id":2826,"date":"2023-11-08T22:20:39","date_gmt":"2023-11-09T01:20:39","guid":{"rendered":"https:\/\/catapulta.com.ar\/?p=2826"},"modified":"2023-11-08T22:20:39","modified_gmt":"2023-11-09T01:20:39","slug":"la-contra-iglesia-ya-tiene-su-teologia","status":"publish","type":"post","link":"https:\/\/catapulta.com.ar\/?p=2826","title":{"rendered":"LA CONTRA IGLESIA YA TIENE SU \u201cTEOLOG\u00cdA\u201d"},"content":{"rendered":"<p><img loading=\"lazy\" decoding=\"async\" class=\"aligncenter size-full wp-image-2827\" src=\"https:\/\/catapulta.com.ar\/wp-content\/uploads\/2023\/11\/Papa-irato-480x510-1.jpg\" alt=\"\" width=\"480\" height=\"510\" \/><\/p>\n<p>I)Carta apost\u00f3lica en forma de \u201cMotu Proprio\u201d del Sumo Pont\u00edfice Francisco Ad theologiam promovendam,con la cual son aprobados los nuevos estatutos de la Pontificia Academia de Teolog\u00eda<\/p>\n<p>Copio algunos par\u00e1grafos del\u00a0 manifiesto revolucionario:<\/p>\n<ol>\n<li>Para promover la teolog\u00eda en el futuro,<strong><u> no podemos limitarnos a volver a proponer de manera abstracta f\u00f3rmulas y esquemas del pasado. <\/u><\/strong>Llamada a <strong><u>interpretar prof\u00e9ticamente el presente y a ver nuevos itinerarios para el futuro, a la luz de la Revelaci\u00f3n, la teolog\u00eda deber\u00e1 afrontar profundas transformaciones culturales,<\/u><\/strong> consciente de que: \u00abLo que estamos viviendo no es simplemente una era de cambios, sino que <strong><u>es un cambio de \u00e9poca\u00bb<\/u><\/strong> (Discurso a la Curia Romana del 21 de diciembre de 2013).<\/li>\n<li>Despu\u00e9s de casi cinco lustros<strong><u>, ha llegado el momento de revisar estas normas, para hacerlas m\u00e1s adecuadas a la misi\u00f3n que nuestro tiempo impone a la teolog\u00eda. Una Iglesia sinodal, misionera y \u201cen salida\u201d s\u00f3lo puede corresponder a una teolog\u00eda \u201cen salida\u201d.<\/u><\/strong><\/li>\n<li><strong><u>La reflexi\u00f3n teol\u00f3gica est\u00e1, por tanto, llamada a un punto de inflexi\u00f3n, a un cambio de paradigma, a una \u00abrevoluci\u00f3n cultural valiente\u00bb<\/u><\/strong> (Carta enc\u00edclica Laudato si\u2019, 114), que la compromete, ante todo, a ser una <strong><u>teolog\u00eda fundamentalmente contextual<\/u><\/strong>, capaz de leer e interpretar el Evangelio en las condiciones en que viven diariamente los hombres y mujeres, en diferentes ambientes geogr\u00e1ficos, sociales y culturales y teniendo como arquetipo la Encarnaci\u00f3n del Logos eterno, su entrada en la cultura, en la visi\u00f3n del mundo, en la tradici\u00f3n religiosa de un pueblo. <strong><u>A partir de aqu\u00ed, la teolog\u00eda s\u00f3lo puede desarrollarse en una cultura de di\u00e1logo y de encuentro entre diferentes tradiciones y diferentes saberes, entre diferentes confesiones cristianas y diferentes religiones, comprometi\u00e9ndose abiertamente con todos, creyentes y no creyentes. <\/u><\/strong><\/li>\n<li>La Pontificia Academia de Teolog\u00eda est\u00e1 llamada a desarrollar, en constante atenci\u00f3n al car\u00e1cter cient\u00edfico de la reflexi\u00f3n teol\u00f3gica<strong><u>, el di\u00e1logo transdisciplinario con otros saberes cient\u00edficos, filos\u00f3ficos, human\u00edsticos y art\u00edsticos, con creyentes y no creyentes, con hombres y mujeres de diferentes denominaciones cristianas y diferentes religiones<\/u><\/strong>.<\/li>\n<\/ol>\n<p><img loading=\"lazy\" decoding=\"async\" class=\"aligncenter size-large wp-image-2828\" src=\"https:\/\/catapulta.com.ar\/wp-content\/uploads\/2023\/11\/WhatsApp-Image-2023-09-01-at-11.42.22-1-600x678.jpeg\" alt=\"\" width=\"600\" height=\"678\" srcset=\"https:\/\/catapulta.com.ar\/wp-content\/uploads\/2023\/11\/WhatsApp-Image-2023-09-01-at-11.42.22-1-600x678.jpeg 600w, https:\/\/catapulta.com.ar\/wp-content\/uploads\/2023\/11\/WhatsApp-Image-2023-09-01-at-11.42.22-1-768x867.jpeg 768w, https:\/\/catapulta.com.ar\/wp-content\/uploads\/2023\/11\/WhatsApp-Image-2023-09-01-at-11.42.22-1-1200x1355.jpeg 1200w, https:\/\/catapulta.com.ar\/wp-content\/uploads\/2023\/11\/WhatsApp-Image-2023-09-01-at-11.42.22-1.jpeg 1338w\" sizes=\"auto, (max-width: 709px) 85vw, (max-width: 909px) 67vw, (max-width: 984px) 61vw, (max-width: 1362px) 45vw, 600px\" \/><\/p>\n<ol>\n<li>II) Nos alegra confirmarles que realizaremos nuestra XLIIa Semana Argentina de Teolog\u00eda 2023, con el lema y tema: <strong><u>\u201cAh\u00ed tienen al hombre\u201d (Jn 19,5) \u00bfHacia nueva\/s identidad\/es de lo humano? <\/u><\/strong><\/li>\n<\/ol>\n<p>Como parte de un trienio teol\u00f3gico interdisciplinar dedicado a la cuesti\u00f3n de lo human<strong><u>o, procuraremos en esta Semana 2023 acercarnos a la comprensi\u00f3n actual de las experiencias humanas, en el di\u00e1logo de la teolog\u00eda con las ciencias humanas, considerando las perspectivas trans- y pos-humanista y de g\u00e9nero.<\/u><\/strong> Contaremos con aportes para percibir y asumir los desaf\u00edos epistemol\u00f3gicos que suscita el di\u00e1logo interdisciplinar, incluyendo la hermen\u00e9utica de las fuentes de la teolog\u00eda; esta Semana en particular, de la Escritura y los Padres de la Iglesia.\u00a0 <a href=\"https:\/\/sociedadargentinateologia.org\/xlii-semana-argentina-de-teologia-informes-e-inscripcion\/\"><strong>https:\/\/sociedadargentinateologia.org\/xlii-semana-argentina-de-teologia-informes-e-inscripcion\/<\/strong><\/a><\/p>\n","protected":false},"excerpt":{"rendered":"<p>I)Carta apost\u00f3lica en forma de \u201cMotu Proprio\u201d del Sumo Pont\u00edfice Francisco Ad theologiam promovendam,con la cual son aprobados los nuevos estatutos de la Pontificia Academia de Teolog\u00eda Copio algunos par\u00e1grafos del\u00a0 manifiesto revolucionario: Para promover la teolog\u00eda en el futuro, no podemos limitarnos a volver a proponer de manera abstracta f\u00f3rmulas y esquemas del pasado. &hellip; <a href=\"https:\/\/catapulta.com.ar\/?p=2826\" class=\"more-link\">Continuar leyendo<span class=\"screen-reader-text\"> \u00abLA CONTRA IGLESIA YA TIENE SU \u201cTEOLOG\u00cdA\u201d\u00bb<\/span><\/a><\/p>\n","protected":false},"author":1,"featured_media":0,"comment_status":"open","ping_status":"open","sticky":false,"template":"","format":"standard","meta":{"footnotes":""},"categories":[4],"tags":[],"class_list":["post-2826","post","type-post","status-publish","format-standard","hentry","category-mundo"],"_links":{"self":[{"href":"https:\/\/catapulta.com.ar\/index.php?rest_route=\/wp\/v2\/posts\/2826","targetHints":{"allow":["GET"]}}],"collection":[{"href":"https:\/\/catapulta.com.ar\/index.php?rest_route=\/wp\/v2\/posts"}],"about":[{"href":"https:\/\/catapulta.com.ar\/index.php?rest_route=\/wp\/v2\/types\/post"}],"author":[{"embeddable":true,"href":"https:\/\/catapulta.com.ar\/index.php?rest_route=\/wp\/v2\/users\/1"}],"replies":[{"embeddable":true,"href":"https:\/\/catapulta.com.ar\/index.php?rest_route=%2Fwp%2Fv2%2Fcomments&post=2826"}],"version-history":[{"count":1,"href":"https:\/\/catapulta.com.ar\/index.php?rest_route=\/wp\/v2\/posts\/2826\/revisions"}],"predecessor-version":[{"id":2829,"href":"https:\/\/catapulta.com.ar\/index.php?rest_route=\/wp\/v2\/posts\/2826\/revisions\/2829"}],"wp:attachment":[{"href":"https:\/\/catapulta.com.ar\/index.php?rest_route=%2Fwp%2Fv2%2Fmedia&parent=2826"}],"wp:term":[{"taxonomy":"category","embeddable":true,"href":"https:\/\/catapulta.com.ar\/index.php?rest_route=%2Fwp%2Fv2%2Fcategories&post=2826"},{"taxonomy":"post_tag","embeddable":true,"href":"https:\/\/catapulta.com.ar\/index.php?rest_route=%2Fwp%2Fv2%2Ftags&post=2826"}],"curies":[{"name":"wp","href":"https:\/\/api.w.org\/{rel}","templated":true}]}}