{"id":2836,"date":"2023-11-14T22:51:46","date_gmt":"2023-11-15T01:51:46","guid":{"rendered":"https:\/\/catapulta.com.ar\/?p=2836"},"modified":"2023-11-14T22:51:46","modified_gmt":"2023-11-15T01:51:46","slug":"espicho-dussel-que-alivio-y-el-cangrejal-llora","status":"publish","type":"post","link":"https:\/\/catapulta.com.ar\/?p=2836","title":{"rendered":"ESPICH\u00d3 DUSSEL (\u00a1qu\u00e9 alivio!) Y EL CANGREJAL LLORA"},"content":{"rendered":"<p><img loading=\"lazy\" decoding=\"async\" class=\"aligncenter size-large wp-image-2837\" src=\"https:\/\/catapulta.com.ar\/wp-content\/uploads\/2023\/11\/F-POEprWEAAVum9-600x450.jpg\" alt=\"\" width=\"600\" height=\"450\" srcset=\"https:\/\/catapulta.com.ar\/wp-content\/uploads\/2023\/11\/F-POEprWEAAVum9-600x450.jpg 600w, https:\/\/catapulta.com.ar\/wp-content\/uploads\/2023\/11\/F-POEprWEAAVum9.jpg 680w\" sizes=\"auto, (max-width: 709px) 85vw, (max-width: 909px) 67vw, (max-width: 984px) 61vw, (max-width: 1362px) 45vw, 600px\" \/><\/p>\n<p>Universidad de San Isidro \u00abDr. Pl\u00e1cido Mar\u00edn\u00bb<\/p>\n<p>La USI despide con profundo dolor y con serena esperanza a Enrique Dussel, uno de los m\u00e1s grandes fil\u00f3sofos de Am\u00e9rica, pionero de la Filosof\u00eda de la Liberaci\u00f3n y presidente honorario de nuestro Instituto Scannone. <strong><u>(En la foto Dussel con Emilce Cuda, una de sus principales secuaces. \u00bfCu\u00e1ndo le tocar\u00e1 el turno a la da\u00f1ina mimada de Bergoglio?)<\/u><\/strong> <a href=\"https:\/\/www.facebook.com\/universidaddesanisidro?locale=es_LA\"><strong>https:\/\/www.facebook.com\/universidaddesanisidro?locale=es_LA<\/strong><\/a><\/p>\n<p><span style=\"color: #008000;\">Nota catap\u00faltica<\/span><\/p>\n<p><span style=\"color: #008000;\">Cuando revent\u00f3 Fidel, otro gran alivio -por cierto-, Dussel dijo que hab\u00eda muerto <strong><u>\u201cuna figura inigualable, que estaba a la altura de Lenin, Mao y Ho. Chi-Minh\u201d<\/u><\/strong><\/span><\/p>\n<p><span style=\"color: #008000;\"><strong><u>https:\/\/www.youtube.com\/watch?v=E0HUd1OcuGY<\/u><\/strong><\/span><\/p>\n","protected":false},"excerpt":{"rendered":"<p>Universidad de San Isidro \u00abDr. Pl\u00e1cido Mar\u00edn\u00bb La USI despide con profundo dolor y con serena esperanza a Enrique Dussel, uno de los m\u00e1s grandes fil\u00f3sofos de Am\u00e9rica, pionero de la Filosof\u00eda de la Liberaci\u00f3n y presidente honorario de nuestro Instituto Scannone. (En la foto Dussel con Emilce Cuda, una de sus principales secuaces. \u00bfCu\u00e1ndo &hellip; <a href=\"https:\/\/catapulta.com.ar\/?p=2836\" class=\"more-link\">Continuar leyendo<span class=\"screen-reader-text\"> \u00abESPICH\u00d3 DUSSEL (\u00a1qu\u00e9 alivio!) Y EL CANGREJAL LLORA\u00bb<\/span><\/a><\/p>\n","protected":false},"author":1,"featured_media":0,"comment_status":"open","ping_status":"open","sticky":false,"template":"","format":"standard","meta":{"footnotes":""},"categories":[4],"tags":[],"class_list":["post-2836","post","type-post","status-publish","format-standard","hentry","category-mundo"],"_links":{"self":[{"href":"https:\/\/catapulta.com.ar\/index.php?rest_route=\/wp\/v2\/posts\/2836","targetHints":{"allow":["GET"]}}],"collection":[{"href":"https:\/\/catapulta.com.ar\/index.php?rest_route=\/wp\/v2\/posts"}],"about":[{"href":"https:\/\/catapulta.com.ar\/index.php?rest_route=\/wp\/v2\/types\/post"}],"author":[{"embeddable":true,"href":"https:\/\/catapulta.com.ar\/index.php?rest_route=\/wp\/v2\/users\/1"}],"replies":[{"embeddable":true,"href":"https:\/\/catapulta.com.ar\/index.php?rest_route=%2Fwp%2Fv2%2Fcomments&post=2836"}],"version-history":[{"count":1,"href":"https:\/\/catapulta.com.ar\/index.php?rest_route=\/wp\/v2\/posts\/2836\/revisions"}],"predecessor-version":[{"id":2838,"href":"https:\/\/catapulta.com.ar\/index.php?rest_route=\/wp\/v2\/posts\/2836\/revisions\/2838"}],"wp:attachment":[{"href":"https:\/\/catapulta.com.ar\/index.php?rest_route=%2Fwp%2Fv2%2Fmedia&parent=2836"}],"wp:term":[{"taxonomy":"category","embeddable":true,"href":"https:\/\/catapulta.com.ar\/index.php?rest_route=%2Fwp%2Fv2%2Fcategories&post=2836"},{"taxonomy":"post_tag","embeddable":true,"href":"https:\/\/catapulta.com.ar\/index.php?rest_route=%2Fwp%2Fv2%2Ftags&post=2836"}],"curies":[{"name":"wp","href":"https:\/\/api.w.org\/{rel}","templated":true}]}}