{"id":36,"date":"2023-06-05T00:12:43","date_gmt":"2023-06-05T03:12:43","guid":{"rendered":"https:\/\/catapulta.com.ar\/?p=36"},"modified":"2023-06-05T00:12:43","modified_gmt":"2023-06-05T03:12:43","slug":"el-querido-hermano-de-bergoglio-y-su-contra-iglesia","status":"publish","type":"post","link":"https:\/\/catapulta.com.ar\/?p=36","title":{"rendered":"EL \u201cQUERIDO HERMANO\u201d DE BERGOGLIO Y SU CONTRA-IGLESIA"},"content":{"rendered":"<p><img loading=\"lazy\" decoding=\"async\" class=\"aligncenter size-full wp-image-37\" src=\"https:\/\/catapulta.com.ar\/wp-content\/uploads\/2023\/06\/845_Boff-2.jpg\" alt=\"\" width=\"600\" height=\"401\" \/><\/p>\n<p>El heresiarca Leonardo Boff\u00a0 cumpli\u00f3 80 el 14 de diciembre de 2018 y al siguiente d\u00eda 20 Bergoglio le mand\u00f3 esta carta:<\/p>\n<p>\u00abQuerido hermano, gracias por tu carta enviada tr\u00e1mite el P. Fabi\u00e1n. Me alegr\u00f3 recibirla y te agradezco la generosidad de tus comentarios. <strong><u>Recuerdo nuestro primer encuentro, en San Miguel, en una reuni\u00f3n de la CLAR, all\u00e1 por los a\u00f1os 72-75. Y luego te segu\u00ed leyendo algunas de tus obras. <\/u><em>(Sobre la foto ver nota catap\u00faltica)<\/em><\/strong><\/p>\n<p>Por estos d\u00edas estar\u00e1s cumpliendo 80 a\u00f1os. Te hago llegar mis mejores augurios. Y, por favor, no te olvides de rezar por m\u00ed<strong><u>. Lo hago por vos y tu Se\u00f1ora. <\/u><\/strong>Que Jes\u00fas te bendiga y la Virgen Santa te cuide\u00bb.<\/p>\n<p><img loading=\"lazy\" decoding=\"async\" class=\"aligncenter  wp-image-38\" src=\"https:\/\/catapulta.com.ar\/wp-content\/uploads\/2023\/06\/Leonardo_Boff_e_Marcia_Miranda.jpg\" alt=\"\" width=\"405\" height=\"304\" \/><\/p>\n<p>Agrego unas de las \u00faltimas consideraciones del \u201cquerido hermano\u201d Leonardo\u201d, coautor de la disparatada Enc\u00edclica <em>Laudato si\u00b4<\/em>. Como se ver\u00e1 Boff\u00a0 bosqueja su proyecto de la Contra-Iglesia;<\/p>\n<p>\u201c<strong><u>Durante los pontificados de Juan Pablo II y Benedicto XVI la Iglesia experiment\u00f3 un retorno a la gran disciplina<\/u><\/strong>. Se revel\u00f3 como <strong><u>un castillo cerrado e inmune a los avances de la modernidad<\/u><\/strong>, penetrada, seg\u00fan ellos, por muchos errores y desviaciones. <strong><u>Hubo mucha vigilancia sobre las doctrinas y condena a muchos te\u00f3logos, los m\u00e1s progresistas<\/u><\/strong>. La renovaci\u00f3n de la Iglesia, iniciada por el Concilio Vaticano II (1962-1965), sufri\u00f3 un retroceso. Se hablaba el invierno de la Iglesia.<\/p>\n<p>Con el Papa Francisco, que viene de la periferia donde vive la mayor\u00eda de los cat\u00f3licos se ha producido un gran cambio. <strong><u>Este Papa siempre se entendi\u00f3 a s\u00ed mismo como un te\u00f3logo de la liberaci\u00f3n de corte argentino: liberaci\u00f3n del pueblo oprimido y de la cultura silenciada<\/u><\/strong>. Inaugur\u00f3 una nueva forma de ser Papa, sin los aparatos y t\u00edtulos heredados a\u00fan del Imperio Romano y del Renacimiento. Abandon\u00f3 el palacio papal y se fue a vivir a una casa de hu\u00e9spedes, Santa Marta.<\/p>\n<p><strong><u>El Papa Francisco ha tra\u00eddo una primavera a la Iglesia, con un aire de libertad y apertura a todas las diversidades<\/u><\/strong>. Ha dicho que la Iglesia debe ser como un hospital de campa\u00f1a que acoge a todos sin preguntar por su origen, religi\u00f3n o condici\u00f3n moral. Como \u00e9l dice con frecuencia, \u201cuna Iglesia siempre en salida\u201d hacia los problemas humanos, <strong><u>especialmente los de los m\u00e1s pobres y los de la gran pobre que es la Madre Tierra, a la que debemos cuidar como nuestra Casa Com\u00fan<\/u><\/strong>.<\/p>\n<p>En mi opini\u00f3n, <strong><u>Francisco est\u00e1 inaugurando una nueva genealog\u00eda de Papas<\/u><\/strong> que vienen de la periferia de la Iglesia y del mundo y que <strong><u>revelan un nuevo rostro del mensaje liberador de Jes\u00fas<\/u><\/strong>. Por eso, este Papa habla constantemente del Jes\u00fas hist\u00f3rico y del modo en que vivi\u00f3, es decir, una existencia para los m\u00e1s vulnerables e invisibles. <strong><u>Jes\u00fas se distanciaba de la religi\u00f3n estricta de la \u00e9poca, pon\u00eda en el centro el amor y la misericordia.<\/u><\/strong> No hay que olvidar que fueron los religiosos quienes le condenaron a muerte en la cruz.<strong><u> Su resurrecci\u00f3n, que es m\u00e1s que la reanimaci\u00f3n de un cad\u00e1ver, significa una insurrecci\u00f3n contra la justicia perversa de la \u00e9poca<\/u><\/strong>. \u00c9l anticip\u00f3 el fin bueno del ser humano, realizando todas sus potencialidades. <strong><u>El Papa Francisco actualiza y nos hace m\u00e1s accesible el mensaje original de Jes\u00fas, de su misericordia sin l\u00edmites, tema fundamental de sus pronunciamientos\u201d.<\/u><\/strong> <a href=\"https:\/\/amerindiaenlared.org\/contenido\/23132\/leonardo-boff-debemos-respetar-la-forma-como-dios-quiso-aproximarse-a-nosotros-\/\"><strong>https:\/\/amerindiaenlared.org\/contenido\/23132\/leonardo-boff-debemos-respetar-la-forma-como-dios-quiso-aproximarse-a-nosotros-\/<\/strong><\/a><\/p>\n<p><span style=\"color: #008000;\">Notas catap\u00falticas<\/span><\/p>\n<p><span style=\"color: #008000;\">1)\u201cBergoglio y Boff: viejos conocidos<\/span><\/p>\n<p><span style=\"color: #008000;\">Leonardo Boff, conocido l\u00edder de la Teolog\u00eda de la Liberaci\u00f3n, public\u00f3 el siguiente mensaje en su Twitter el 5 de agosto de 2019:<\/span><\/p>\n<p><span style=\"color: #008000;\">\u00abIntercambiando correspondencia conmigo, <strong><u>el Papa Francisco record\u00f3 una reuni\u00f3n que tuvimos en San Miguel, Argentina, del 23 al 29 de febrero de 1972 , y me envi\u00f3 esta foto. Es el cuarto de la derecha\u00bb.<\/u><\/strong><\/span><\/p>\n<p><span style=\"color: #008000;\">Arriba est\u00e1 la foto mencionada; marcamos tanto al futuro Papa como al te\u00f3logo con una flecha roja: Boff est\u00e1 sentado en la primera fila , Bergoglio de pie en la segunda\u201d . <a style=\"color: #008000;\" href=\"https:\/\/www.traditioninaction.org\/RevolutionPhotos\/A845-Boff.htm\"><strong>https:\/\/www.traditioninaction.org\/RevolutionPhotos\/A845-Boff.htm<\/strong><\/a><\/span><\/p>\n<p><span style=\"color: #008000;\">(La foto fue tomada durante una reuni\u00f3n de te\u00f3logos de la liberaci\u00f3n, en el Colegio M\u00e1ximo de los jesuitas en San Miguel)<\/span><\/p>\n<p><span style=\"color: #008000;\">2) En la otra foto el \u201cquerido hermano\u201d est\u00e1 junto a <strong><u>su barragana Marcia Monteiro<\/u><\/strong>, activista de izquierda y secuaz de Paulo Freire. <strong><u>https:\/\/www.anped.org.br\/news\/manifiesto-de-lanzamiento-de-la-campana-latinoamericana-y-caribena-en-defensa-del-legado-de<\/u><\/strong><\/span><\/p>\n","protected":false},"excerpt":{"rendered":"<p>El heresiarca Leonardo Boff\u00a0 cumpli\u00f3 80 el 14 de diciembre de 2018 y al siguiente d\u00eda 20 Bergoglio le mand\u00f3 esta carta: \u00abQuerido hermano, gracias por tu carta enviada tr\u00e1mite el P. Fabi\u00e1n. Me alegr\u00f3 recibirla y te agradezco la generosidad de tus comentarios. Recuerdo nuestro primer encuentro, en San Miguel, en una reuni\u00f3n de &hellip; <a href=\"https:\/\/catapulta.com.ar\/?p=36\" class=\"more-link\">Continuar leyendo<span class=\"screen-reader-text\"> \u00abEL \u201cQUERIDO HERMANO\u201d DE BERGOGLIO Y SU CONTRA-IGLESIA\u00bb<\/span><\/a><\/p>\n","protected":false},"author":1,"featured_media":0,"comment_status":"open","ping_status":"open","sticky":false,"template":"","format":"standard","meta":{"footnotes":""},"categories":[4],"tags":[],"class_list":["post-36","post","type-post","status-publish","format-standard","hentry","category-mundo"],"_links":{"self":[{"href":"https:\/\/catapulta.com.ar\/index.php?rest_route=\/wp\/v2\/posts\/36","targetHints":{"allow":["GET"]}}],"collection":[{"href":"https:\/\/catapulta.com.ar\/index.php?rest_route=\/wp\/v2\/posts"}],"about":[{"href":"https:\/\/catapulta.com.ar\/index.php?rest_route=\/wp\/v2\/types\/post"}],"author":[{"embeddable":true,"href":"https:\/\/catapulta.com.ar\/index.php?rest_route=\/wp\/v2\/users\/1"}],"replies":[{"embeddable":true,"href":"https:\/\/catapulta.com.ar\/index.php?rest_route=%2Fwp%2Fv2%2Fcomments&post=36"}],"version-history":[{"count":1,"href":"https:\/\/catapulta.com.ar\/index.php?rest_route=\/wp\/v2\/posts\/36\/revisions"}],"predecessor-version":[{"id":39,"href":"https:\/\/catapulta.com.ar\/index.php?rest_route=\/wp\/v2\/posts\/36\/revisions\/39"}],"wp:attachment":[{"href":"https:\/\/catapulta.com.ar\/index.php?rest_route=%2Fwp%2Fv2%2Fmedia&parent=36"}],"wp:term":[{"taxonomy":"category","embeddable":true,"href":"https:\/\/catapulta.com.ar\/index.php?rest_route=%2Fwp%2Fv2%2Fcategories&post=36"},{"taxonomy":"post_tag","embeddable":true,"href":"https:\/\/catapulta.com.ar\/index.php?rest_route=%2Fwp%2Fv2%2Ftags&post=36"}],"curies":[{"name":"wp","href":"https:\/\/api.w.org\/{rel}","templated":true}]}}