{"id":40,"date":"2023-06-05T00:14:27","date_gmt":"2023-06-05T03:14:27","guid":{"rendered":"https:\/\/catapulta.com.ar\/?p=40"},"modified":"2023-06-05T00:14:27","modified_gmt":"2023-06-05T03:14:27","slug":"quien-soy-para-juzgar-una-locura-que-se-esta-cobrando-el-precio","status":"publish","type":"post","link":"https:\/\/catapulta.com.ar\/?p=40","title":{"rendered":"\u00bfQUI\u00c9N SOY PARA JUZGAR? (una locura que se est\u00e1 cobrando el precio)"},"content":{"rendered":"<p><img loading=\"lazy\" decoding=\"async\" class=\"aligncenter size-full wp-image-41\" src=\"https:\/\/catapulta.com.ar\/wp-content\/uploads\/2023\/06\/La-tenda-810x500-1.jpg\" alt=\"\" width=\"600\" height=\"370\" \/> <img loading=\"lazy\" decoding=\"async\" class=\"aligncenter size-full wp-image-42\" src=\"https:\/\/catapulta.com.ar\/wp-content\/uploads\/2023\/06\/vegla23_parma-1.jpg\" alt=\"\" width=\"600\" height=\"793\" \/> <img loading=\"lazy\" decoding=\"async\" class=\"aligncenter size-full wp-image-43\" src=\"https:\/\/catapulta.com.ar\/wp-content\/uploads\/2023\/06\/veglia23_palermo.jpeg\" alt=\"\" width=\"600\" height=\"849\" \/><\/p>\n<p>En julio de 2013, en el transcurso de un viaje en avi\u00f3n e interrogado sobre si exist\u00eda un lobby gay en el Vaticano, <strong><u>Bergoglio respondi\u00f3 \u00bfQui\u00e9n soy yo para juzgar si una persona es gay?<\/u><\/strong><\/p>\n<p>Como se puede apreciar el lobby existe y Bergoglio lo apa\u00f1a.<em> Life Site News <\/em>informa sobre los efectos de la irresponsable respuesta:<\/p>\n<p>\u201cVarios obispos y sacerdotes participan en una serie anual de eventos ecum\u00e9nicos pro-LGBT en toda Europa, para <strong><u>conmemorar el \u201cD\u00eda Internacional contra la Homofobia y la Transfobia\u201d, en el que tambi\u00e9n se reunir\u00e1n los participantes con el Papa Francisco. <\/u><\/strong><\/p>\n<p>Del 5 de mayo al 7 de junio, <strong><u>varias iglesias cat\u00f3licas en pa\u00edses de toda Europa ser\u00e1n anfitriones de numerosos eventos, promoviendo el estilo de vida LGBT y en oposici\u00f3n a la \u201chomofobia y la transfobia\u201d.<\/u><\/strong><\/p>\n<p>Dado que la mayor\u00eda de los eventos se llevar\u00e1n a cabo en Italia, las iglesias en \u00c1msterdam, Espa\u00f1a, Polonia, Francia y Malta tambi\u00e9n participar\u00e1n en las ceremonias, muchas de las cuales <strong><u>se han organizado como empresas ecum\u00e9nicas con valdenses, metodistas, bautistas y cat\u00f3licos uni\u00e9ndose.<\/u><\/strong><\/p>\n<p><strong><u>El proyecto de cuatro semanas de duraci\u00f3n est\u00e1 bajo el control organizativo general de La Tenda di Gionata, un grupo \u00abdestinado a dar a conocer el camino que los LGBT (cristianos lesbianas, gays, bisexuales y transg\u00e9nero) toman todos los d\u00edas en sus comunidades y en los diversos Iglesias<\/u><\/strong>.\u201d<\/p>\n<p>De hecho, a algunos de los eventos se <strong><u>unir\u00e1n prelados cat\u00f3licos, con al menos dos obispos cat\u00f3licos anunciados como participantes. <\/u><\/strong><\/p>\n<p>El 16 de mayo en G\u00e9nova, el vicario episcopal arquidiocesano se unir\u00e1 a sus hom\u00f3logos ecum\u00e9nicos para una vigilia de oraci\u00f3n en la iglesia de San Pietro in Banchi. Luego, el obispo de Parma, Enrico Solmi, encabezar\u00e1 una vigilia diocesana en la tarde del 17 de mayo, mientras que el 7 de junio, el arzobispo de Cosenza-Bisignano encabezar\u00e1 una vigilia en una de las parroquias de su archidi\u00f3cesis.<\/p>\n<p>El 18 de mayo en Palermo tendr\u00e1 lugar una procesi\u00f3n con antorchas, seguida de una vigilia de oraci\u00f3n en una parroquia cat\u00f3lica organizada por \u201cmuchas asociaciones cat\u00f3licas, evang\u00e9licas y laicas de Palermo con el patrocinio de la Municipalidad de Palermo\u201d.<\/p>\n<p>Muchos de los otros eventos enumerados se basan en iglesias parroquiales cat\u00f3licas y tambi\u00e9n incluyen procesiones con antorchas.<\/p>\n<p>Sin embargo, el evento m\u00e1s notable del per\u00edodo de cuatro semanas es el 17 de mayo, <strong><u>cuando los participantes en el proyecto se reunir\u00e1n con el Papa Francisco despu\u00e9s de su audiencia general semanal en la Plaza de San Pedro. El grupo Mosaiko, un grupo de \u201ccristianos LGBT+\u201d con sede en Roma, dijo que su reuni\u00f3n con el Papa \u201cser\u00e1 una forma de que el grupo celebre este evento, present\u00e1ndose simb\u00f3licamente a la Iglesia de Jes\u00fas\u201d.<\/u><\/strong><\/p>\n<p><em>Messa in Latino<\/em> , quien destac\u00f3 la serie de eventos de este a\u00f1o, <strong><u>describi\u00f3 la audiencia con el Papa como \u201cuna verdadera guinda del pastel\u201d. <\/u><\/strong>El blog cuestion\u00f3 <strong><u>si Francisco repetir\u00eda su condena de la ideolog\u00eda de g\u00e9nero que hizo en Hungr\u00eda, o si \u00aben puro estilo jesuita, se adaptar\u00eda a los deseos y expectativas de sus interlocutores\u00bb.<\/u><\/strong><\/p>\n<p>La serie de eventos pro-LGBT de este a\u00f1o no es de ninguna manera la primera de su tipo. <strong><u>Numerosas di\u00f3cesis cat\u00f3licas en Italia participaron en las vigilias el a\u00f1o pasado, como se\u00f1al\u00f3 LifeSiteNews en ese momento. Entre los diversos prelados que participaron se encontraba el arzobispo Charles Scicluna, el arzobispo pro-LGBT de Malta y secretario adjunto de la Congregaci\u00f3n para la Doctrina de la Fe (CDF).<\/u><\/strong><\/p>\n<p><a href=\"https:\/\/www.lifesitenews.com\/news\/catholic-bishops-parishes-across-europe-hosting-pro-lgbt-prayer-vigils-for-greater-inclusion\/?utm_source=top_news&amp;utm_campaign=usa\"><strong>https:\/\/www.lifesitenews.com\/news\/catholic-bishops-parishes-across-europe-hosting-pro-lgbt-prayer-vigils-for-greater-inclusion\/?utm_source=top_news&amp;utm_campaign=usa<\/strong><\/a><\/p>\n","protected":false},"excerpt":{"rendered":"<p>En julio de 2013, en el transcurso de un viaje en avi\u00f3n e interrogado sobre si exist\u00eda un lobby gay en el Vaticano, Bergoglio respondi\u00f3 \u00bfQui\u00e9n soy yo para juzgar si una persona es gay? Como se puede apreciar el lobby existe y Bergoglio lo apa\u00f1a. Life Site News informa sobre los efectos de la &hellip; <a href=\"https:\/\/catapulta.com.ar\/?p=40\" class=\"more-link\">Continuar leyendo<span class=\"screen-reader-text\"> \u00ab\u00bfQUI\u00c9N SOY PARA JUZGAR? (una locura que se est\u00e1 cobrando el precio)\u00bb<\/span><\/a><\/p>\n","protected":false},"author":1,"featured_media":0,"comment_status":"open","ping_status":"open","sticky":false,"template":"","format":"standard","meta":{"footnotes":""},"categories":[4],"tags":[],"class_list":["post-40","post","type-post","status-publish","format-standard","hentry","category-mundo"],"_links":{"self":[{"href":"https:\/\/catapulta.com.ar\/index.php?rest_route=\/wp\/v2\/posts\/40","targetHints":{"allow":["GET"]}}],"collection":[{"href":"https:\/\/catapulta.com.ar\/index.php?rest_route=\/wp\/v2\/posts"}],"about":[{"href":"https:\/\/catapulta.com.ar\/index.php?rest_route=\/wp\/v2\/types\/post"}],"author":[{"embeddable":true,"href":"https:\/\/catapulta.com.ar\/index.php?rest_route=\/wp\/v2\/users\/1"}],"replies":[{"embeddable":true,"href":"https:\/\/catapulta.com.ar\/index.php?rest_route=%2Fwp%2Fv2%2Fcomments&post=40"}],"version-history":[{"count":1,"href":"https:\/\/catapulta.com.ar\/index.php?rest_route=\/wp\/v2\/posts\/40\/revisions"}],"predecessor-version":[{"id":44,"href":"https:\/\/catapulta.com.ar\/index.php?rest_route=\/wp\/v2\/posts\/40\/revisions\/44"}],"wp:attachment":[{"href":"https:\/\/catapulta.com.ar\/index.php?rest_route=%2Fwp%2Fv2%2Fmedia&parent=40"}],"wp:term":[{"taxonomy":"category","embeddable":true,"href":"https:\/\/catapulta.com.ar\/index.php?rest_route=%2Fwp%2Fv2%2Fcategories&post=40"},{"taxonomy":"post_tag","embeddable":true,"href":"https:\/\/catapulta.com.ar\/index.php?rest_route=%2Fwp%2Fv2%2Ftags&post=40"}],"curies":[{"name":"wp","href":"https:\/\/api.w.org\/{rel}","templated":true}]}}