{"id":4493,"date":"2026-01-06T20:18:43","date_gmt":"2026-01-06T23:18:43","guid":{"rendered":"https:\/\/catapulta.com.ar\/?p=4493"},"modified":"2026-01-06T20:18:43","modified_gmt":"2026-01-06T23:18:43","slug":"iv-congreso-continental","status":"publish","type":"post","link":"https:\/\/catapulta.com.ar\/?p=4493","title":{"rendered":"IV CONGRESO CONTINENTAL"},"content":{"rendered":"<p><img loading=\"lazy\" decoding=\"async\" class=\"aligncenter size-large wp-image-4494\" src=\"https:\/\/catapulta.com.ar\/wp-content\/uploads\/2026\/01\/banner-home-2-600x386.webp\" alt=\"\" width=\"600\" height=\"386\" srcset=\"https:\/\/catapulta.com.ar\/wp-content\/uploads\/2026\/01\/banner-home-2-600x386.webp 600w, https:\/\/catapulta.com.ar\/wp-content\/uploads\/2026\/01\/banner-home-2-768x493.webp 768w, https:\/\/catapulta.com.ar\/wp-content\/uploads\/2026\/01\/banner-home-2.webp 884w\" sizes=\"auto, (max-width: 709px) 85vw, (max-width: 909px) 67vw, (max-width: 984px) 61vw, (max-width: 1362px) 45vw, 600px\" \/><\/p>\n<p>Los d\u00edas 22 al 24 de octubre se ha desarrollado en Lima el IV Congreso Continental de Teolog\u00eda Latinoamericana y Caribe\u00f1a, organizado por Amerindia junto con el Instituto Bartolom\u00e9 de las Casas.<strong><u> Ha sido una cita claramente marcada por la celebraci\u00f3n del primer aniversario de la pascua de Gustavo Guti\u00e9rrez, el 22 de octubre de 2024.<\/u><\/strong><\/p>\n<p>El objetivo general era \u201c<strong><u>Animar el quehacer teol\u00f3gico liberador en Am\u00e9rica Latina y el Caribe<\/u><\/strong> y en este tiempo, de modo que se torne en un dinamizador que ayude a organizar la esperanza\u201d, claramente en l\u00ednea con el jubileo que se est\u00e1 viviendo en la Iglesia universal.<\/p>\n<p>El primer d\u00eda, los ponentes Alejandro Ortiz (M\u00e9xico), Moema Miranda (Brasil), Birgit Weiler (Per\u00fa) y Ra\u00fal Zibechi (Uruguay) <strong><u>situaron la coyuntura geopol\u00edtica actual construyendo, con gran lucidez, un ver centrado en el colapso socioambiental, el presente eclesial y con propuestas de resistencias desde los movimientos populares. Se agradeci\u00f3 y ponder\u00f3 el reciente documento Dilexi te, en el que Le\u00f3n XIV subraya la centralidad y actualidad de la opci\u00f3n por los pobres; recordando que la Tierra es quiz\u00e1 la m\u00e1s vulnerable hoy d\u00eda<\/u><\/strong>.<\/p>\n<p><strong><u>Experiencias protagonizadas por movimientos populares, comunidades de base, grupos de resistencia y acci\u00f3n\u2026<\/u><\/strong> peque\u00f1os gestos que, con creatividad, abren rendijas de esperanza y cambio; y fortalecidos con la reflexi\u00f3n potente de Theresa Denger (El Salvador) y Pedro Trigo (Venezuela).<\/p>\n<p><strong><u>Un momento central del Congreso fue el homenaje a Gustavo Guti\u00e9rrez, personaje clave en el pensamiento latinoamericano del siglo XX y fundador de la Teolog\u00eda de la Liberaci\u00f3n<\/u><\/strong>.. El auditorio rezum\u00f3 emoci\u00f3n y <strong><u>reconocimiento al maestro<\/u><\/strong>.<\/p>\n<p>Cada d\u00eda, el grupo Bendita mezcla facilit\u00f3 los espacios de espiritualidad con inspiraci\u00f3n intercultural y sinodal. De igual manera, ofreci\u00f3 la cosecha diaria con gran originalidad a trav\u00e9s del canto, la expresi\u00f3n corporal y el teatro. <strong><u>Las risas se entreveraron primorosamente con la poes\u00eda y la contemplaci\u00f3n de los m\u00e1rtires latinoamericanos.<\/u><\/strong><\/p>\n<p>A la hora final de las concreciones, Geraldina C\u00e9spedes (Rep\u00fablica Dominicana) y Pablo Bonav\u00eda (Uruguay) animaron a mirar lejos, como dec\u00eda Gustavo, y, <strong><u>ante una coyuntura desafiante, tejer juntos con palabras, experiencias, terquedad y memoria, la esperanza. Porque la teolog\u00eda ilumina la posibilidad de crear una realidad mejor en este hoy de Dios<\/u><\/strong><\/p>\n","protected":false},"excerpt":{"rendered":"<p>Los d\u00edas 22 al 24 de octubre se ha desarrollado en Lima el IV Congreso Continental de Teolog\u00eda Latinoamericana y Caribe\u00f1a, organizado por Amerindia junto con el Instituto Bartolom\u00e9 de las Casas. Ha sido una cita claramente marcada por la celebraci\u00f3n del primer aniversario de la pascua de Gustavo Guti\u00e9rrez, el 22 de octubre de &hellip; <a href=\"https:\/\/catapulta.com.ar\/?p=4493\" class=\"more-link\">Continuar leyendo<span class=\"screen-reader-text\"> \u00abIV CONGRESO CONTINENTAL\u00bb<\/span><\/a><\/p>\n","protected":false},"author":1,"featured_media":0,"comment_status":"open","ping_status":"closed","sticky":false,"template":"","format":"standard","meta":{"footnotes":""},"categories":[4],"tags":[],"class_list":["post-4493","post","type-post","status-publish","format-standard","hentry","category-mundo"],"_links":{"self":[{"href":"https:\/\/catapulta.com.ar\/index.php?rest_route=\/wp\/v2\/posts\/4493","targetHints":{"allow":["GET"]}}],"collection":[{"href":"https:\/\/catapulta.com.ar\/index.php?rest_route=\/wp\/v2\/posts"}],"about":[{"href":"https:\/\/catapulta.com.ar\/index.php?rest_route=\/wp\/v2\/types\/post"}],"author":[{"embeddable":true,"href":"https:\/\/catapulta.com.ar\/index.php?rest_route=\/wp\/v2\/users\/1"}],"replies":[{"embeddable":true,"href":"https:\/\/catapulta.com.ar\/index.php?rest_route=%2Fwp%2Fv2%2Fcomments&post=4493"}],"version-history":[{"count":1,"href":"https:\/\/catapulta.com.ar\/index.php?rest_route=\/wp\/v2\/posts\/4493\/revisions"}],"predecessor-version":[{"id":4495,"href":"https:\/\/catapulta.com.ar\/index.php?rest_route=\/wp\/v2\/posts\/4493\/revisions\/4495"}],"wp:attachment":[{"href":"https:\/\/catapulta.com.ar\/index.php?rest_route=%2Fwp%2Fv2%2Fmedia&parent=4493"}],"wp:term":[{"taxonomy":"category","embeddable":true,"href":"https:\/\/catapulta.com.ar\/index.php?rest_route=%2Fwp%2Fv2%2Fcategories&post=4493"},{"taxonomy":"post_tag","embeddable":true,"href":"https:\/\/catapulta.com.ar\/index.php?rest_route=%2Fwp%2Fv2%2Ftags&post=4493"}],"curies":[{"name":"wp","href":"https:\/\/api.w.org\/{rel}","templated":true}]}}